{"id":465,"date":"2017-03-12T17:10:57","date_gmt":"2017-03-12T17:10:57","guid":{"rendered":"http:\/\/werkstattambach.ch\/?p=465"},"modified":"2017-09-24T11:53:13","modified_gmt":"2017-09-24T11:53:13","slug":"impressionen-kerzenziehen-2016","status":"publish","type":"post","link":"https:\/\/werkstattambach.ch\/wordpress2\/wab\/impressionen-kerzenziehen-2016\/","title":{"rendered":"Impressionen Kerzenziehen 2016"},"content":{"rendered":"<p>Bilder\u00a0vom Kerzenziehen<\/p>\n<div id='gallery-1' class='gallery galleryid-465 gallery-columns-4 gallery-size-thumbnail'><figure class='gallery-item'>\n\t\t\t<div class='gallery-icon landscape'>\n\t\t\t\t<a href='https:\/\/werkstattambach.ch\/wordpress2\/img_0691\/'><img width=\"150\" height=\"150\" src=\"https:\/\/werkstattambach.ch\/wordpress2\/wp-content\/uploads\/2017\/02\/IMG_0691-150x150.jpg\" class=\"attachment-thumbnail size-thumbnail\" alt=\"\" decoding=\"async\" loading=\"lazy\" srcset=\"https:\/\/werkstattambach.ch\/wordpress2\/wp-content\/uploads\/2017\/02\/IMG_0691-150x150.jpg 150w, https:\/\/werkstattambach.ch\/wordpress2\/wp-content\/uploads\/2017\/02\/IMG_0691-90x90.jpg 90w\" sizes=\"(max-width: 150px) 100vw, 150px\" \/><\/a>\n\t\t\t<\/div><\/figure><figure class='gallery-item'>\n\t\t\t<div class='gallery-icon portrait'>\n\t\t\t\t<a href='https:\/\/werkstattambach.ch\/wordpress2\/img_0676-2\/'><img width=\"150\" height=\"150\" src=\"https:\/\/werkstattambach.ch\/wordpress2\/wp-content\/uploads\/2017\/02\/IMG_0676-1-e1487779471552-150x150.jpg\" class=\"attachment-thumbnail size-thumbnail\" alt=\"\" decoding=\"async\" aria-describedby=\"gallery-1-436\" loading=\"lazy\" srcset=\"https:\/\/werkstattambach.ch\/wordpress2\/wp-content\/uploads\/2017\/02\/IMG_0676-1-e1487779471552-150x150.jpg 150w, https:\/\/werkstattambach.ch\/wordpress2\/wp-content\/uploads\/2017\/02\/IMG_0676-1-e1487779471552-90x90.jpg 90w\" sizes=\"(max-width: 150px) 100vw, 150px\" \/><\/a>\n\t\t\t<\/div>\n\t\t\t\t<figcaption class='wp-caption-text gallery-caption' id='gallery-1-436'>\n\t\t\t\tSusi Erb, guter Geist beim Kerzenziehen. Dasein und helfen wo Hilfe ben\u00f6tigt wird.\n\t\t\t\t<\/figcaption><\/figure><figure class='gallery-item'>\n\t\t\t<div class='gallery-icon portrait'>\n\t\t\t\t<a href='https:\/\/werkstattambach.ch\/wordpress2\/img_0663-2\/'><img width=\"150\" height=\"150\" src=\"https:\/\/werkstattambach.ch\/wordpress2\/wp-content\/uploads\/2017\/02\/IMG_0663-1-e1487779666726-150x150.jpg\" class=\"attachment-thumbnail size-thumbnail\" alt=\"\" decoding=\"async\" aria-describedby=\"gallery-1-434\" loading=\"lazy\" srcset=\"https:\/\/werkstattambach.ch\/wordpress2\/wp-content\/uploads\/2017\/02\/IMG_0663-1-e1487779666726-150x150.jpg 150w, https:\/\/werkstattambach.ch\/wordpress2\/wp-content\/uploads\/2017\/02\/IMG_0663-1-e1487779666726-90x90.jpg 90w\" sizes=\"(max-width: 150px) 100vw, 150px\" \/><\/a>\n\t\t\t<\/div>\n\t\t\t\t<figcaption class='wp-caption-text gallery-caption' id='gallery-1-434'>\n\t\t\t\tMutter mit ihren kleinen T\u00f6chtern\n\t\t\t\t<\/figcaption><\/figure><figure class='gallery-item'>\n\t\t\t<div class='gallery-icon portrait'>\n\t\t\t\t<a href='https:\/\/werkstattambach.ch\/wordpress2\/img_0716-2\/'><img width=\"150\" height=\"150\" src=\"https:\/\/werkstattambach.ch\/wordpress2\/wp-content\/uploads\/2017\/02\/IMG_0716-1-e1487779272591-150x150.jpg\" class=\"attachment-thumbnail size-thumbnail\" alt=\"\" decoding=\"async\" aria-describedby=\"gallery-1-439\" loading=\"lazy\" srcset=\"https:\/\/werkstattambach.ch\/wordpress2\/wp-content\/uploads\/2017\/02\/IMG_0716-1-e1487779272591-150x150.jpg 150w, https:\/\/werkstattambach.ch\/wordpress2\/wp-content\/uploads\/2017\/02\/IMG_0716-1-e1487779272591-90x90.jpg 90w\" sizes=\"(max-width: 150px) 100vw, 150px\" \/><\/a>\n\t\t\t<\/div>\n\t\t\t\t<figcaption class='wp-caption-text gallery-caption' id='gallery-1-439'>\n\t\t\t\tUnser Kerzenzieh-Schutzengel\nArbeit mit Filz 1993\n\t\t\t\t<\/figcaption><\/figure><figure class='gallery-item'>\n\t\t\t<div class='gallery-icon portrait'>\n\t\t\t\t<a href='https:\/\/werkstattambach.ch\/wordpress2\/img_0834-2\/'><img width=\"150\" height=\"150\" src=\"https:\/\/werkstattambach.ch\/wordpress2\/wp-content\/uploads\/2017\/02\/IMG_0834-1-e1487779235885-150x150.jpg\" class=\"attachment-thumbnail size-thumbnail\" alt=\"\" decoding=\"async\" loading=\"lazy\" srcset=\"https:\/\/werkstattambach.ch\/wordpress2\/wp-content\/uploads\/2017\/02\/IMG_0834-1-e1487779235885-150x150.jpg 150w, https:\/\/werkstattambach.ch\/wordpress2\/wp-content\/uploads\/2017\/02\/IMG_0834-1-e1487779235885-90x90.jpg 90w\" sizes=\"(max-width: 150px) 100vw, 150px\" \/><\/a>\n\t\t\t<\/div><\/figure><figure class='gallery-item'>\n\t\t\t<div class='gallery-icon portrait'>\n\t\t\t\t<a href='https:\/\/werkstattambach.ch\/wordpress2\/img_0841-2\/'><img width=\"150\" height=\"150\" src=\"https:\/\/werkstattambach.ch\/wordpress2\/wp-content\/uploads\/2017\/02\/IMG_0841-1-e1487778672259-150x150.jpg\" class=\"attachment-thumbnail size-thumbnail\" alt=\"\" decoding=\"async\" aria-describedby=\"gallery-1-455\" loading=\"lazy\" srcset=\"https:\/\/werkstattambach.ch\/wordpress2\/wp-content\/uploads\/2017\/02\/IMG_0841-1-e1487778672259-150x150.jpg 150w, https:\/\/werkstattambach.ch\/wordpress2\/wp-content\/uploads\/2017\/02\/IMG_0841-1-e1487778672259-90x90.jpg 90w\" sizes=\"(max-width: 150px) 100vw, 150px\" \/><\/a>\n\t\t\t<\/div>\n\t\t\t\t<figcaption class='wp-caption-text gallery-caption' id='gallery-1-455'>\n\t\t\t\tRegula in Action\n\t\t\t\t<\/figcaption><\/figure><figure class='gallery-item'>\n\t\t\t<div class='gallery-icon portrait'>\n\t\t\t\t<a href='https:\/\/werkstattambach.ch\/wordpress2\/img_0858-4\/'><img width=\"150\" height=\"150\" src=\"https:\/\/werkstattambach.ch\/wordpress2\/wp-content\/uploads\/2017\/02\/IMG_0858-3-e1487778523622-150x150.jpg\" class=\"attachment-thumbnail size-thumbnail\" alt=\"\" decoding=\"async\" aria-describedby=\"gallery-1-457\" loading=\"lazy\" srcset=\"https:\/\/werkstattambach.ch\/wordpress2\/wp-content\/uploads\/2017\/02\/IMG_0858-3-e1487778523622-150x150.jpg 150w, https:\/\/werkstattambach.ch\/wordpress2\/wp-content\/uploads\/2017\/02\/IMG_0858-3-e1487778523622-90x90.jpg 90w\" sizes=\"(max-width: 150px) 100vw, 150px\" \/><\/a>\n\t\t\t<\/div>\n\t\t\t\t<figcaption class='wp-caption-text gallery-caption' id='gallery-1-457'>\n\t\t\t\tKleine Schutzengel in Rosa\n\t\t\t\t<\/figcaption><\/figure><figure class='gallery-item'>\n\t\t\t<div class='gallery-icon landscape'>\n\t\t\t\t<a href='https:\/\/werkstattambach.ch\/wordpress2\/img_0865-3\/'><img width=\"150\" height=\"150\" src=\"https:\/\/werkstattambach.ch\/wordpress2\/wp-content\/uploads\/2017\/02\/IMG_0865-1-150x150.jpg\" class=\"attachment-thumbnail size-thumbnail\" alt=\"\" decoding=\"async\" aria-describedby=\"gallery-1-458\" loading=\"lazy\" srcset=\"https:\/\/werkstattambach.ch\/wordpress2\/wp-content\/uploads\/2017\/02\/IMG_0865-1-150x150.jpg 150w, https:\/\/werkstattambach.ch\/wordpress2\/wp-content\/uploads\/2017\/02\/IMG_0865-1-90x90.jpg 90w\" sizes=\"(max-width: 150px) 100vw, 150px\" \/><\/a>\n\t\t\t<\/div>\n\t\t\t\t<figcaption class='wp-caption-text gallery-caption' id='gallery-1-458'>\n\t\t\t\tDiese Flaschen haben wir zum 50. Geburtstag unserer guten  Freundin Nicole angefertigt. Einfach in Wachs getunkt und mit verschiedenen Ornamenten und Symbolen verziert. Denn mit 50ig f\u00e4ngt das Leben so richtig an und um diesen Abschnitt zu w\u00fcrdigen w\u00e4hlten wir das Spiel mit Farben, sch\u00f6nen Formen und Licht. Der farbige Weg zum Licht.\n\t\t\t\t<\/figcaption><\/figure><figure class='gallery-item'>\n\t\t\t<div class='gallery-icon portrait'>\n\t\t\t\t<a href='https:\/\/werkstattambach.ch\/wordpress2\/img_1044\/'><img width=\"150\" height=\"150\" src=\"https:\/\/werkstattambach.ch\/wordpress2\/wp-content\/uploads\/2017\/02\/IMG_1044-e1487778728585-150x150.jpg\" class=\"attachment-thumbnail size-thumbnail\" alt=\"\" decoding=\"async\" aria-describedby=\"gallery-1-454\" loading=\"lazy\" srcset=\"https:\/\/werkstattambach.ch\/wordpress2\/wp-content\/uploads\/2017\/02\/IMG_1044-e1487778728585-150x150.jpg 150w, https:\/\/werkstattambach.ch\/wordpress2\/wp-content\/uploads\/2017\/02\/IMG_1044-e1487778728585-90x90.jpg 90w\" sizes=\"(max-width: 150px) 100vw, 150px\" \/><\/a>\n\t\t\t<\/div>\n\t\t\t\t<figcaption class='wp-caption-text gallery-caption' id='gallery-1-454'>\n\t\t\t\tKerzeninstallation 50. Geburtstag Nicole\n\t\t\t\t<\/figcaption><\/figure><figure class='gallery-item'>\n\t\t\t<div class='gallery-icon portrait'>\n\t\t\t\t<a href='https:\/\/werkstattambach.ch\/wordpress2\/img_1028\/'><img width=\"150\" height=\"150\" src=\"https:\/\/werkstattambach.ch\/wordpress2\/wp-content\/uploads\/2017\/02\/IMG_1028-e1487778808687-150x150.jpg\" class=\"attachment-thumbnail size-thumbnail\" alt=\"\" decoding=\"async\" aria-describedby=\"gallery-1-453\" loading=\"lazy\" srcset=\"https:\/\/werkstattambach.ch\/wordpress2\/wp-content\/uploads\/2017\/02\/IMG_1028-e1487778808687-150x150.jpg 150w, https:\/\/werkstattambach.ch\/wordpress2\/wp-content\/uploads\/2017\/02\/IMG_1028-e1487778808687-90x90.jpg 90w\" sizes=\"(max-width: 150px) 100vw, 150px\" \/><\/a>\n\t\t\t<\/div>\n\t\t\t\t<figcaption class='wp-caption-text gallery-caption' id='gallery-1-453'>\n\t\t\t\tVorbereitung Kerzeninstallation\n\t\t\t\t<\/figcaption><\/figure><figure class='gallery-item'>\n\t\t\t<div class='gallery-icon landscape'>\n\t\t\t\t<a href='https:\/\/werkstattambach.ch\/wordpress2\/img_0902\/'><img width=\"150\" height=\"150\" src=\"https:\/\/werkstattambach.ch\/wordpress2\/wp-content\/uploads\/2017\/02\/IMG_0902-e1487778880601-150x150.jpg\" class=\"attachment-thumbnail size-thumbnail\" alt=\"\" decoding=\"async\" aria-describedby=\"gallery-1-452\" loading=\"lazy\" srcset=\"https:\/\/werkstattambach.ch\/wordpress2\/wp-content\/uploads\/2017\/02\/IMG_0902-e1487778880601-150x150.jpg 150w, https:\/\/werkstattambach.ch\/wordpress2\/wp-content\/uploads\/2017\/02\/IMG_0902-e1487778880601-300x300.jpg 300w, https:\/\/werkstattambach.ch\/wordpress2\/wp-content\/uploads\/2017\/02\/IMG_0902-e1487778880601-768x768.jpg 768w, https:\/\/werkstattambach.ch\/wordpress2\/wp-content\/uploads\/2017\/02\/IMG_0902-e1487778880601-1024x1024.jpg 1024w, https:\/\/werkstattambach.ch\/wordpress2\/wp-content\/uploads\/2017\/02\/IMG_0902-e1487778880601-90x90.jpg 90w, https:\/\/werkstattambach.ch\/wordpress2\/wp-content\/uploads\/2017\/02\/IMG_0902-e1487778880601-380x380.jpg 380w\" sizes=\"(max-width: 150px) 100vw, 150px\" \/><\/a>\n\t\t\t<\/div>\n\t\t\t\t<figcaption class='wp-caption-text gallery-caption' id='gallery-1-452'>\n\t\t\t\tWachsarbeit 2017\n\t\t\t\t<\/figcaption><\/figure><figure class='gallery-item'>\n\t\t\t<div class='gallery-icon portrait'>\n\t\t\t\t<a href='https:\/\/werkstattambach.ch\/wordpress2\/img_0708-2\/'><img width=\"150\" height=\"150\" src=\"https:\/\/werkstattambach.ch\/wordpress2\/wp-content\/uploads\/2017\/02\/IMG_0708-1-e1487779356342-150x150.jpg\" class=\"attachment-thumbnail size-thumbnail\" alt=\"\" decoding=\"async\" aria-describedby=\"gallery-1-438\" loading=\"lazy\" srcset=\"https:\/\/werkstattambach.ch\/wordpress2\/wp-content\/uploads\/2017\/02\/IMG_0708-1-e1487779356342-150x150.jpg 150w, https:\/\/werkstattambach.ch\/wordpress2\/wp-content\/uploads\/2017\/02\/IMG_0708-1-e1487779356342-90x90.jpg 90w\" sizes=\"(max-width: 150px) 100vw, 150px\" \/><\/a>\n\t\t\t<\/div>\n\t\t\t\t<figcaption class='wp-caption-text gallery-caption' id='gallery-1-438'>\n\t\t\t\tWunderbare Birkenh\u00f6lzer mit edlem elfenbeinfarbigem Bienenwachs\n\t\t\t\t<\/figcaption><\/figure><figure class='gallery-item'>\n\t\t\t<div class='gallery-icon landscape'>\n\t\t\t\t<a href='https:\/\/werkstattambach.ch\/wordpress2\/img_0897-2\/'><img width=\"150\" height=\"150\" src=\"https:\/\/werkstattambach.ch\/wordpress2\/wp-content\/uploads\/2017\/02\/IMG_0897-1-e1487779167290-150x150.jpg\" class=\"attachment-thumbnail size-thumbnail\" alt=\"\" decoding=\"async\" aria-describedby=\"gallery-1-444\" loading=\"lazy\" srcset=\"https:\/\/werkstattambach.ch\/wordpress2\/wp-content\/uploads\/2017\/02\/IMG_0897-1-e1487779167290-150x150.jpg 150w, https:\/\/werkstattambach.ch\/wordpress2\/wp-content\/uploads\/2017\/02\/IMG_0897-1-e1487779167290-300x300.jpg 300w, https:\/\/werkstattambach.ch\/wordpress2\/wp-content\/uploads\/2017\/02\/IMG_0897-1-e1487779167290-768x768.jpg 768w, https:\/\/werkstattambach.ch\/wordpress2\/wp-content\/uploads\/2017\/02\/IMG_0897-1-e1487779167290-1024x1024.jpg 1024w, https:\/\/werkstattambach.ch\/wordpress2\/wp-content\/uploads\/2017\/02\/IMG_0897-1-e1487779167290-90x90.jpg 90w, https:\/\/werkstattambach.ch\/wordpress2\/wp-content\/uploads\/2017\/02\/IMG_0897-1-e1487779167290-380x380.jpg 380w\" sizes=\"(max-width: 150px) 100vw, 150px\" \/><\/a>\n\t\t\t<\/div>\n\t\t\t\t<figcaption class='wp-caption-text gallery-caption' id='gallery-1-444'>\n\t\t\t\tGepr\u00e4gt mit Herz\n\n\t\t\t\t<\/figcaption><\/figure><figure class='gallery-item'>\n\t\t\t<div class='gallery-icon landscape'>\n\t\t\t\t<a href='https:\/\/werkstattambach.ch\/wordpress2\/wab\/bilder-aus-dem-werkstatt\/img_0894\/'><img width=\"150\" height=\"150\" src=\"https:\/\/werkstattambach.ch\/wordpress2\/wp-content\/uploads\/2017\/02\/IMG_0894-150x150.jpg\" class=\"attachment-thumbnail size-thumbnail\" alt=\"\" decoding=\"async\" aria-describedby=\"gallery-1-450\" loading=\"lazy\" srcset=\"https:\/\/werkstattambach.ch\/wordpress2\/wp-content\/uploads\/2017\/02\/IMG_0894-150x150.jpg 150w, https:\/\/werkstattambach.ch\/wordpress2\/wp-content\/uploads\/2017\/02\/IMG_0894-300x300.jpg 300w, https:\/\/werkstattambach.ch\/wordpress2\/wp-content\/uploads\/2017\/02\/IMG_0894-768x768.jpg 768w, https:\/\/werkstattambach.ch\/wordpress2\/wp-content\/uploads\/2017\/02\/IMG_0894-1024x1024.jpg 1024w, https:\/\/werkstattambach.ch\/wordpress2\/wp-content\/uploads\/2017\/02\/IMG_0894-90x90.jpg 90w, https:\/\/werkstattambach.ch\/wordpress2\/wp-content\/uploads\/2017\/02\/IMG_0894-380x380.jpg 380w\" sizes=\"(max-width: 150px) 100vw, 150px\" \/><\/a>\n\t\t\t<\/div>\n\t\t\t\t<figcaption class='wp-caption-text gallery-caption' id='gallery-1-450'>\n\t\t\t\tWenn ich meine goldenen Schuhe anziehe, dann arbeite ich mit Wachs!!!\n\t\t\t\t<\/figcaption><\/figure><figure class='gallery-item'>\n\t\t\t<div class='gallery-icon portrait'>\n\t\t\t\t<a href='https:\/\/werkstattambach.ch\/wordpress2\/img_0671-2\/'><img width=\"150\" height=\"150\" src=\"https:\/\/werkstattambach.ch\/wordpress2\/wp-content\/uploads\/2017\/02\/IMG_0671-1-e1487779591347-150x150.jpg\" class=\"attachment-thumbnail size-thumbnail\" alt=\"\" decoding=\"async\" aria-describedby=\"gallery-1-435\" loading=\"lazy\" srcset=\"https:\/\/werkstattambach.ch\/wordpress2\/wp-content\/uploads\/2017\/02\/IMG_0671-1-e1487779591347-150x150.jpg 150w, https:\/\/werkstattambach.ch\/wordpress2\/wp-content\/uploads\/2017\/02\/IMG_0671-1-e1487779591347-90x90.jpg 90w\" sizes=\"(max-width: 150px) 100vw, 150px\" \/><\/a>\n\t\t\t<\/div>\n\t\t\t\t<figcaption class='wp-caption-text gallery-caption' id='gallery-1-435'>\n\t\t\t\tCandy-Farben f\u00fcr alle die es Retrom\u00e4ssig lieben\n\t\t\t\t<\/figcaption><\/figure><figure class='gallery-item'>\n\t\t\t<div class='gallery-icon portrait'>\n\t\t\t\t<a href='https:\/\/werkstattambach.ch\/wordpress2\/img_0674\/'><img width=\"150\" height=\"150\" src=\"https:\/\/werkstattambach.ch\/wordpress2\/wp-content\/uploads\/2017\/03\/IMG_0674-e1489429292224-150x150.jpeg\" class=\"attachment-thumbnail size-thumbnail\" alt=\"\" decoding=\"async\" aria-describedby=\"gallery-1-492\" loading=\"lazy\" srcset=\"https:\/\/werkstattambach.ch\/wordpress2\/wp-content\/uploads\/2017\/03\/IMG_0674-e1489429292224-150x150.jpeg 150w, https:\/\/werkstattambach.ch\/wordpress2\/wp-content\/uploads\/2017\/03\/IMG_0674-e1489429292224-90x90.jpeg 90w, https:\/\/werkstattambach.ch\/wordpress2\/wp-content\/uploads\/2017\/03\/IMG_0674-e1489429292224-240x242.jpeg 240w\" sizes=\"(max-width: 150px) 100vw, 150px\" \/><\/a>\n\t\t\t<\/div>\n\t\t\t\t<figcaption class='wp-caption-text gallery-caption' id='gallery-1-492'>\n\t\t\t\tDoris Moor, gute Fee beim Kerzenziehen!\n\t\t\t\t<\/figcaption><\/figure><figure class='gallery-item'>\n\t\t\t<div class='gallery-icon portrait'>\n\t\t\t\t<a href='https:\/\/werkstattambach.ch\/wordpress2\/img_1083\/'><img width=\"150\" height=\"150\" src=\"https:\/\/werkstattambach.ch\/wordpress2\/wp-content\/uploads\/2017\/03\/IMG_1083-e1489429215739-150x150.jpeg\" class=\"attachment-thumbnail size-thumbnail\" alt=\"\" decoding=\"async\" loading=\"lazy\" srcset=\"https:\/\/werkstattambach.ch\/wordpress2\/wp-content\/uploads\/2017\/03\/IMG_1083-e1489429215739-150x150.jpeg 150w, https:\/\/werkstattambach.ch\/wordpress2\/wp-content\/uploads\/2017\/03\/IMG_1083-e1489429215739-90x90.jpeg 90w, https:\/\/werkstattambach.ch\/wordpress2\/wp-content\/uploads\/2017\/03\/IMG_1083-e1489429215739-240x242.jpeg 240w\" sizes=\"(max-width: 150px) 100vw, 150px\" \/><\/a>\n\t\t\t<\/div><\/figure><figure class='gallery-item'>\n\t\t\t<div class='gallery-icon portrait'>\n\t\t\t\t<a href='https:\/\/werkstattambach.ch\/wordpress2\/img_0649\/'><img width=\"150\" height=\"150\" src=\"https:\/\/werkstattambach.ch\/wordpress2\/wp-content\/uploads\/2017\/03\/IMG_0649-e1489429227596-150x150.jpeg\" class=\"attachment-thumbnail size-thumbnail\" alt=\"\" decoding=\"async\" loading=\"lazy\" srcset=\"https:\/\/werkstattambach.ch\/wordpress2\/wp-content\/uploads\/2017\/03\/IMG_0649-e1489429227596-150x150.jpeg 150w, https:\/\/werkstattambach.ch\/wordpress2\/wp-content\/uploads\/2017\/03\/IMG_0649-e1489429227596-90x90.jpeg 90w, https:\/\/werkstattambach.ch\/wordpress2\/wp-content\/uploads\/2017\/03\/IMG_0649-e1489429227596-240x242.jpeg 240w\" sizes=\"(max-width: 150px) 100vw, 150px\" \/><\/a>\n\t\t\t<\/div><\/figure><figure class='gallery-item'>\n\t\t\t<div class='gallery-icon portrait'>\n\t\t\t\t<a href='https:\/\/werkstattambach.ch\/wordpress2\/img_0658\/'><img width=\"150\" height=\"150\" src=\"https:\/\/werkstattambach.ch\/wordpress2\/wp-content\/uploads\/2017\/03\/IMG_0658-e1489429236153-150x150.jpeg\" class=\"attachment-thumbnail size-thumbnail\" alt=\"\" decoding=\"async\" loading=\"lazy\" srcset=\"https:\/\/werkstattambach.ch\/wordpress2\/wp-content\/uploads\/2017\/03\/IMG_0658-e1489429236153-150x150.jpeg 150w, https:\/\/werkstattambach.ch\/wordpress2\/wp-content\/uploads\/2017\/03\/IMG_0658-e1489429236153-90x90.jpeg 90w, https:\/\/werkstattambach.ch\/wordpress2\/wp-content\/uploads\/2017\/03\/IMG_0658-e1489429236153-240x242.jpeg 240w\" sizes=\"(max-width: 150px) 100vw, 150px\" \/><\/a>\n\t\t\t<\/div><\/figure><figure class='gallery-item'>\n\t\t\t<div class='gallery-icon portrait'>\n\t\t\t\t<a href='https:\/\/werkstattambach.ch\/wordpress2\/img_0656\/'><img width=\"150\" height=\"150\" src=\"https:\/\/werkstattambach.ch\/wordpress2\/wp-content\/uploads\/2017\/03\/IMG_0656-e1489429250983-150x150.jpeg\" class=\"attachment-thumbnail size-thumbnail\" alt=\"\" decoding=\"async\" loading=\"lazy\" srcset=\"https:\/\/werkstattambach.ch\/wordpress2\/wp-content\/uploads\/2017\/03\/IMG_0656-e1489429250983-150x150.jpeg 150w, https:\/\/werkstattambach.ch\/wordpress2\/wp-content\/uploads\/2017\/03\/IMG_0656-e1489429250983-90x90.jpeg 90w, https:\/\/werkstattambach.ch\/wordpress2\/wp-content\/uploads\/2017\/03\/IMG_0656-e1489429250983-240x242.jpeg 240w\" sizes=\"(max-width: 150px) 100vw, 150px\" \/><\/a>\n\t\t\t<\/div><\/figure><figure class='gallery-item'>\n\t\t\t<div class='gallery-icon portrait'>\n\t\t\t\t<a href='https:\/\/werkstattambach.ch\/wordpress2\/img_0670\/'><img width=\"150\" height=\"150\" src=\"https:\/\/werkstattambach.ch\/wordpress2\/wp-content\/uploads\/2017\/03\/IMG_0670-e1489429262715-150x150.jpeg\" class=\"attachment-thumbnail size-thumbnail\" alt=\"\" decoding=\"async\" loading=\"lazy\" srcset=\"https:\/\/werkstattambach.ch\/wordpress2\/wp-content\/uploads\/2017\/03\/IMG_0670-e1489429262715-150x150.jpeg 150w, https:\/\/werkstattambach.ch\/wordpress2\/wp-content\/uploads\/2017\/03\/IMG_0670-e1489429262715-90x90.jpeg 90w, https:\/\/werkstattambach.ch\/wordpress2\/wp-content\/uploads\/2017\/03\/IMG_0670-e1489429262715-240x242.jpeg 240w\" sizes=\"(max-width: 150px) 100vw, 150px\" \/><\/a>\n\t\t\t<\/div><\/figure><figure class='gallery-item'>\n\t\t\t<div class='gallery-icon portrait'>\n\t\t\t\t<a href='https:\/\/werkstattambach.ch\/wordpress2\/img_0650\/'><img width=\"150\" height=\"150\" src=\"https:\/\/werkstattambach.ch\/wordpress2\/wp-content\/uploads\/2017\/03\/IMG_0650-e1489429271811-150x150.jpeg\" class=\"attachment-thumbnail size-thumbnail\" alt=\"\" decoding=\"async\" loading=\"lazy\" srcset=\"https:\/\/werkstattambach.ch\/wordpress2\/wp-content\/uploads\/2017\/03\/IMG_0650-e1489429271811-150x150.jpeg 150w, https:\/\/werkstattambach.ch\/wordpress2\/wp-content\/uploads\/2017\/03\/IMG_0650-e1489429271811-90x90.jpeg 90w, https:\/\/werkstattambach.ch\/wordpress2\/wp-content\/uploads\/2017\/03\/IMG_0650-e1489429271811-240x242.jpeg 240w\" sizes=\"(max-width: 150px) 100vw, 150px\" \/><\/a>\n\t\t\t<\/div><\/figure>\n\t\t<\/div>\n\n","protected":false},"excerpt":{"rendered":"<p>Bilder\u00a0vom Kerzenziehen<\/p>\n","protected":false},"author":2,"featured_media":458,"comment_status":"closed","ping_status":"open","sticky":false,"template":"","format":"standard","meta":{"jetpack_post_was_ever_published":false,"_jetpack_newsletter_access":"","_jetpack_newsletter_tier_id":0,"footnotes":"","jetpack_publicize_message":"","jetpack_is_tweetstorm":false,"jetpack_publicize_feature_enabled":true,"jetpack_social_post_already_shared":true,"jetpack_social_options":{"image_generator_settings":{"template":"highway","enabled":false}}},"categories":[7],"tags":[],"jetpack_publicize_connections":[],"jetpack_featured_media_url":"https:\/\/werkstattambach.ch\/wordpress2\/wp-content\/uploads\/2017\/02\/IMG_0865-1.jpg","jetpack_sharing_enabled":true,"jetpack_shortlink":"https:\/\/wp.me\/p86hdv-7v","_links":{"self":[{"href":"https:\/\/werkstattambach.ch\/wordpress2\/wp-json\/wp\/v2\/posts\/465"}],"collection":[{"href":"https:\/\/werkstattambach.ch\/wordpress2\/wp-json\/wp\/v2\/posts"}],"about":[{"href":"https:\/\/werkstattambach.ch\/wordpress2\/wp-json\/wp\/v2\/types\/post"}],"author":[{"embeddable":true,"href":"https:\/\/werkstattambach.ch\/wordpress2\/wp-json\/wp\/v2\/users\/2"}],"replies":[{"embeddable":true,"href":"https:\/\/werkstattambach.ch\/wordpress2\/wp-json\/wp\/v2\/comments?post=465"}],"version-history":[{"count":15,"href":"https:\/\/werkstattambach.ch\/wordpress2\/wp-json\/wp\/v2\/posts\/465\/revisions"}],"predecessor-version":[{"id":493,"href":"https:\/\/werkstattambach.ch\/wordpress2\/wp-json\/wp\/v2\/posts\/465\/revisions\/493"}],"wp:featuredmedia":[{"embeddable":true,"href":"https:\/\/werkstattambach.ch\/wordpress2\/wp-json\/wp\/v2\/media\/458"}],"wp:attachment":[{"href":"https:\/\/werkstattambach.ch\/wordpress2\/wp-json\/wp\/v2\/media?parent=465"}],"wp:term":[{"taxonomy":"category","embeddable":true,"href":"https:\/\/werkstattambach.ch\/wordpress2\/wp-json\/wp\/v2\/categories?post=465"},{"taxonomy":"post_tag","embeddable":true,"href":"https:\/\/werkstattambach.ch\/wordpress2\/wp-json\/wp\/v2\/tags?post=465"}],"curies":[{"name":"wp","href":"https:\/\/api.w.org\/{rel}","templated":true}]}}