{"id":480,"date":"2017-03-12T17:18:30","date_gmt":"2017-03-12T17:18:30","guid":{"rendered":"http:\/\/werkstattambach.ch\/?p=480"},"modified":"2017-06-26T17:55:46","modified_gmt":"2017-06-26T17:55:46","slug":"offene-werkstatt-filzen-maerzapril-17","status":"publish","type":"post","link":"https:\/\/werkstattambach.ch\/wordpress2\/wab\/offene-werkstatt-filzen-maerzapril-17\/","title":{"rendered":"Offene Werkstatt Filzen M\u00e4rz\/April"},"content":{"rendered":"<div class=\"page\" title=\"Page 1\">\n<div class=\"layoutArea\">\n<div class=\"column\">\n<p>Offene Werkstatt bedeutet f\u00fcr alle interessierten Menschen zug\u00e4nglich.<br \/>\nIch biete Raum, Material und Know How sowie Fachliteratur zum Handwerk an.<\/p>\n<p>M\u00f6chtest du gerne ins Handwerk schnuppern? Hast du bereits Erfahrung und brauchst Platz um dein Projekt zu verwirklichen? Brauchst du gestalterischen Austausch oder m\u00f6chtest du einfach mal ein Schneegl\u00f6ggli filzen?<\/p>\n<p>Du bist bei mir willkommen.<\/p>\n<p><a href=\"https:\/\/werkstattambach.ch\/wordpress2\/wp-content\/uploads\/2017\/03\/Filzen-\u2013-offene-Werkstatt.pdf\">Filzen \u2013 offene Werkstatt<\/a><\/p>\n<\/div>\n<\/div>\n<\/div>\n","protected":false},"excerpt":{"rendered":"<p>Offene Werkstatt bedeutet f\u00fcr alle interessierten Menschen zug\u00e4nglich. Ich biete Raum, Material und Know How sowie Fachliteratur zum Handwerk an. M\u00f6chtest du gerne ins Handwerk schnuppern? Hast du bereits Erfahrung und brauchst Platz um dein Projekt zu verwirklichen? Brauchst du gestalterischen Austausch oder m\u00f6chtest du einfach mal ein Schneegl\u00f6ggli filzen? Du bist bei mir willkommen. &hellip; <a href=\"https:\/\/werkstattambach.ch\/wordpress2\/wab\/offene-werkstatt-filzen-maerzapril-17\/\" class=\"more-link\"><span class=\"screen-reader-text\">Offene Werkstatt Filzen M\u00e4rz\/April<\/span> weiterlesen<\/a><\/p>\n","protected":false},"author":2,"featured_media":154,"comment_status":"closed","ping_status":"open","sticky":false,"template":"","format":"standard","meta":{"jetpack_post_was_ever_published":false,"_jetpack_newsletter_access":"","_jetpack_newsletter_tier_id":0,"footnotes":"","jetpack_publicize_message":"","jetpack_is_tweetstorm":false,"jetpack_publicize_feature_enabled":true,"jetpack_social_post_already_shared":true,"jetpack_social_options":{"image_generator_settings":{"template":"highway","enabled":false}}},"categories":[5,8],"tags":[],"jetpack_publicize_connections":[],"jetpack_featured_media_url":"https:\/\/werkstattambach.ch\/wordpress2\/wp-content\/uploads\/2016\/11\/DSC_0128-2.jpg","jetpack_sharing_enabled":true,"jetpack_shortlink":"https:\/\/wp.me\/p86hdv-7K","_links":{"self":[{"href":"https:\/\/werkstattambach.ch\/wordpress2\/wp-json\/wp\/v2\/posts\/480"}],"collection":[{"href":"https:\/\/werkstattambach.ch\/wordpress2\/wp-json\/wp\/v2\/posts"}],"about":[{"href":"https:\/\/werkstattambach.ch\/wordpress2\/wp-json\/wp\/v2\/types\/post"}],"author":[{"embeddable":true,"href":"https:\/\/werkstattambach.ch\/wordpress2\/wp-json\/wp\/v2\/users\/2"}],"replies":[{"embeddable":true,"href":"https:\/\/werkstattambach.ch\/wordpress2\/wp-json\/wp\/v2\/comments?post=480"}],"version-history":[{"count":3,"href":"https:\/\/werkstattambach.ch\/wordpress2\/wp-json\/wp\/v2\/posts\/480\/revisions"}],"predecessor-version":[{"id":620,"href":"https:\/\/werkstattambach.ch\/wordpress2\/wp-json\/wp\/v2\/posts\/480\/revisions\/620"}],"wp:featuredmedia":[{"embeddable":true,"href":"https:\/\/werkstattambach.ch\/wordpress2\/wp-json\/wp\/v2\/media\/154"}],"wp:attachment":[{"href":"https:\/\/werkstattambach.ch\/wordpress2\/wp-json\/wp\/v2\/media?parent=480"}],"wp:term":[{"taxonomy":"category","embeddable":true,"href":"https:\/\/werkstattambach.ch\/wordpress2\/wp-json\/wp\/v2\/categories?post=480"},{"taxonomy":"post_tag","embeddable":true,"href":"https:\/\/werkstattambach.ch\/wordpress2\/wp-json\/wp\/v2\/tags?post=480"}],"curies":[{"name":"wp","href":"https:\/\/api.w.org\/{rel}","templated":true}]}}