{"id":750,"date":"2019-11-10T16:24:01","date_gmt":"2019-11-10T16:24:01","guid":{"rendered":"http:\/\/werkstattambach.ch\/?p=750"},"modified":"2019-11-29T10:10:44","modified_gmt":"2019-11-29T10:10:44","slug":"engelkerzen-ziehen","status":"publish","type":"post","link":"https:\/\/werkstattambach.ch\/wordpress2\/wab\/engelkerzen-ziehen\/","title":{"rendered":"Engelkerzen ziehen"},"content":{"rendered":"<p>Achtsam sein &#8211; Zeit haben<\/p>\n<p>In der Adventszeit entsteht w\u00e4hrend zwei Tagen , im Atelier der K\u00fcnstlerin Ursi Lysser ursilysser.com eine kleine, feine Kerzenzieh-Oase, f\u00fcr Menschen die sich ein wenig \u00a0aus dem Trubel zur\u00fcckziehen m\u00f6chten und in die Welt des Kerzenziehens mit dem Naturmaterial \u00a0Bienenwachs eintauchen m\u00f6chten.<\/p>\n<p>Hier stellen wir Engel her. Jeder wird einmalig werden, eine lichtvolle Begleitung die Freude macht. Es k\u00f6nnen selbstverst\u00e4ndlich auch klassische Kerzen gezogen werden.<\/p>\n<blockquote><p>Innehalten und dem ureigenen Rhythmus folgen, in die Mitte kommen &#8211; auch das kann Kerzenziehen sein.<\/p><\/blockquote>\n<p>Dieses Jahr berechne ich einen Eintritt, daf\u00fcr sind die Wachspreise moderat.<\/p>\n<p>Bienenwachs hell \u00a0 \u00a0 \u00a0 \u00a0 \u00a0 \u00a0 \u00a0 \u00a0 \u00a0 \u00a0CHF 2.80\/100g \u00a0 \u00a0 \u00a0 \u00a0 \u00a0dunkel \u00a0 \u00a0 \u00a0 \u00a0 \u00a0CHF 2.60\/100g<\/p>\n<p>Ich freue mich auf stimmungsvolle Tage voller Licht!<\/p>\n<p>Bitte melden sie sich bis sp\u00e4testens Ende November bei mir an. \u00a0 \u00a0 \u00a0 \u00a0 \u00a0 \u00a0 \u00a0 \u00a0 \u00a0 \u00a0 \u00a0 \u00a0 \u00a0 Marianne Zwygart 079 268 74 93 marianne.zwygart@besonet.ch<\/p>\n<p>Der Flyer wurde von Angela Ehrsam gestaltet \u00a0angelaehrsam.ch<\/p>\n<p><a href=\"https:\/\/werkstattambach.ch\/wordpress2\/wp-content\/uploads\/2019\/11\/Endflyer.pdf\">Mehr Informationen<\/a><\/p>\n","protected":false},"excerpt":{"rendered":"<p>Achtsam sein &#8211; Zeit haben In der Adventszeit entsteht w\u00e4hrend zwei Tagen , im Atelier der K\u00fcnstlerin Ursi Lysser ursilysser.com eine kleine, feine Kerzenzieh-Oase, f\u00fcr Menschen die sich ein wenig \u00a0aus dem Trubel zur\u00fcckziehen m\u00f6chten und in die Welt des Kerzenziehens mit dem Naturmaterial \u00a0Bienenwachs eintauchen m\u00f6chten. Hier stellen wir Engel her. Jeder wird einmalig &hellip; <a href=\"https:\/\/werkstattambach.ch\/wordpress2\/wab\/engelkerzen-ziehen\/\" class=\"more-link\"><span class=\"screen-reader-text\">Engelkerzen ziehen<\/span> weiterlesen<\/a><\/p>\n","protected":false},"author":2,"featured_media":760,"comment_status":"closed","ping_status":"open","sticky":false,"template":"","format":"standard","meta":{"jetpack_post_was_ever_published":false,"_jetpack_newsletter_access":"","_jetpack_newsletter_tier_id":0,"footnotes":"","jetpack_publicize_message":"","jetpack_is_tweetstorm":false,"jetpack_publicize_feature_enabled":true,"jetpack_social_post_already_shared":true,"jetpack_social_options":{"image_generator_settings":{"template":"highway","enabled":false}}},"categories":[4],"tags":[],"jetpack_publicize_connections":[],"jetpack_featured_media_url":"https:\/\/werkstattambach.ch\/wordpress2\/wp-content\/uploads\/2019\/11\/Engelkerzen_Seite_2-1-e1573417341874.png","jetpack_sharing_enabled":true,"jetpack_shortlink":"https:\/\/wp.me\/p86hdv-c6","_links":{"self":[{"href":"https:\/\/werkstattambach.ch\/wordpress2\/wp-json\/wp\/v2\/posts\/750"}],"collection":[{"href":"https:\/\/werkstattambach.ch\/wordpress2\/wp-json\/wp\/v2\/posts"}],"about":[{"href":"https:\/\/werkstattambach.ch\/wordpress2\/wp-json\/wp\/v2\/types\/post"}],"author":[{"embeddable":true,"href":"https:\/\/werkstattambach.ch\/wordpress2\/wp-json\/wp\/v2\/users\/2"}],"replies":[{"embeddable":true,"href":"https:\/\/werkstattambach.ch\/wordpress2\/wp-json\/wp\/v2\/comments?post=750"}],"version-history":[{"count":4,"href":"https:\/\/werkstattambach.ch\/wordpress2\/wp-json\/wp\/v2\/posts\/750\/revisions"}],"predecessor-version":[{"id":766,"href":"https:\/\/werkstattambach.ch\/wordpress2\/wp-json\/wp\/v2\/posts\/750\/revisions\/766"}],"wp:featuredmedia":[{"embeddable":true,"href":"https:\/\/werkstattambach.ch\/wordpress2\/wp-json\/wp\/v2\/media\/760"}],"wp:attachment":[{"href":"https:\/\/werkstattambach.ch\/wordpress2\/wp-json\/wp\/v2\/media?parent=750"}],"wp:term":[{"taxonomy":"category","embeddable":true,"href":"https:\/\/werkstattambach.ch\/wordpress2\/wp-json\/wp\/v2\/categories?post=750"},{"taxonomy":"post_tag","embeddable":true,"href":"https:\/\/werkstattambach.ch\/wordpress2\/wp-json\/wp\/v2\/tags?post=750"}],"curies":[{"name":"wp","href":"https:\/\/api.w.org\/{rel}","templated":true}]}}